{"id":5616,"date":"2024-01-11T20:18:07","date_gmt":"2024-01-12T02:18:07","guid":{"rendered":"https:\/\/elcapitalino.vip\/?p=5616"},"modified":"2024-01-16T17:04:10","modified_gmt":"2024-01-16T23:04:10","slug":"honra-marti-batres-a-policias-de-la-ciudad-de-mexico-con-ceremonia-de-reconocimiento-martibatres-gobcdmx","status":"publish","type":"post","link":"https:\/\/elcapitalino.vip\/?p=5616","title":{"rendered":"Honra Mart\u00ed Batres a Polic\u00edas de la Ciudad de M\u00e9xico con Ceremonia de Reconocimiento \/ @martibatres @GobCDMX >>>"},"content":{"rendered":"\n<p><strong>#CDMX<\/strong>.- El Jefe de Gobierno, Mart\u00ed Batres Guadarrama, encabez\u00f3 en el Hemiciclo a Ju\u00e1rez la Ceremonia de Reconocimiento a la Polic\u00eda de la Ciudad de M\u00e9xico, as\u00ed como el Desfile Conmemorativo en el marco del D\u00eda del Polic\u00eda, con el objetivo de honrar a las mujeres y hombres que diariamente velan por la seguridad de la poblaci\u00f3n.<\/p>\n\n\n\n<p>\u201cEstamos reunidos aqu\u00ed, para celebrar un desfile que honra a las mujeres y hombres que proveen seguridad a la ciudadan\u00eda de nuestra gran capital, es un homenaje merecido y es una buena \u00e9poca para celebrarlo. (&#8230;) Porque la Ciudad de M\u00e9xico cuenta con la mejor polic\u00eda de toda nuestra Rep\u00fablica. (&#8230;) Cada ciudadana y cada ciudadano que requiera su apoyo o asistencia siempre contar\u00e1 con ellas y ellos; contar\u00e1 con su valor, contar\u00e1 con su esp\u00edritu de servicio, por eso desfilan con honor hoy ante Ju\u00e1rez, con orgullo\u201d, expres\u00f3.<\/p>\n\n\n\n<p>Mart\u00ed Batres record\u00f3 la labor de la polic\u00eda Arizbeth Dionicio Ambrosio, quien amamant\u00f3 a un beb\u00e9 durante la emergencia por el Hurac\u00e1n \u201dOtis\u201d; al Agrupamiento C\u00f3ndores, que salvaron a 18 personas en estado grave de salud, al trasladarlas a hospitales de Chilpancingo, Morelos y a la Ciudad de M\u00e9xico, desde Acapulco; y a la polic\u00eda Claudia Mondrag\u00f3n, por detener a dos sujetos que viajaban a bordo de una motocicleta tras cometer un delito; as\u00ed como la memoria de las y los elementos que han perdido la vida en el cumplimiento de su deber.<\/p>\n\n\n\n<p>\u201cLas labores de nuestras mujeres y hombres polic\u00edas de la Ciudad de M\u00e9xico son extenuantes, duras, perpetuas; a estas mujeres y hombres hemos encomendado nuestra seguridad, justo es celebrarlos. (&#8230;) Cabe se\u00f1alar que en esta ciudad, la polic\u00eda ha logrado disminuir los \u00edndices delictivos en m\u00e1s de un 50 por ciento. Y reiteramos hoy, en el Paquete Econ\u00f3mico que se acaba de aprobar el d\u00eda de ayer por la ma\u00f1ana, un nuevo aumento salarial a la polic\u00eda, que suma ya un 63 por ciento nominal con todo lo acumulado a lo largo este sexenio\u201d, apunt\u00f3.<\/p>\n\n\n\n<p>Por su parte, el secretario de Seguridad Ciudadana, Pablo V\u00e1zquez Camacho, detall\u00f3 que en el Desfile participaron 2 mil 719 personas; 138 veh\u00edculos, seis potros, dos ambulancias, una plataforma, tres UNIMOG y tres remolques. Adem\u00e1s, elementos de la Polic\u00eda de Investigaci\u00f3n (PDI) de la Fiscal\u00eda General de Justicia de la Ciudad de M\u00e9xico (FGJCDMX), Secretar\u00eda de la Defensa Nacional (SEDENA), Secretar\u00eda de Marina (SEMAR) y Guardia Nacional (GN), que trabajan de manera coordinada con el Gobierno capitalino para garantizar el bienestar de las y los habitantes, mediante la construcci\u00f3n de una estrategia de seguridad conjunta que contribuye a la reducci\u00f3n de delitos y mejora la percepci\u00f3n de seguridad.<\/p>\n\n\n\n<p><strong>#ElCapitalinoVIP<\/strong> &#8211; <a href=\"https:\/\/www.facebook.com\/ElCapitalinoVIP\/\"><strong>El Capitalino VIP<\/strong><\/a><\/p>\n","protected":false},"excerpt":{"rendered":"<p>#CDMX.- El Jefe de Gobierno, Mart\u00ed Batres Guadarrama, encabez\u00f3 en el Hemiciclo a Ju\u00e1rez la Ceremonia de Reconocimiento a la<\/p>\n","protected":false},"author":4,"featured_media":5617,"comment_status":"open","ping_status":"open","sticky":false,"template":"","format":"standard","meta":{"colormag_page_container_layout":"default_layout","colormag_page_sidebar_layout":"default_layout","rop_custom_images_group":[],"rop_custom_messages_group":[],"rop_publish_now":"initial","rop_publish_now_accounts":{"facebook_110999734738224_105959668530459":""},"rop_publish_now_history":[],"rop_publish_now_status":"pending","footnotes":""},"categories":[13],"tags":[22,80,29,23,113,26,25,24],"class_list":["post-5616","post","type-post","status-publish","format-standard","has-post-thumbnail","hentry","category-principales","tag-amlo","tag-cdmx","tag-el-capitalino-vip","tag-enterate","tag-marti-batres","tag-redes-sociales","tag-ultima-hora","tag-ultimas-noticias"],"_links":{"self":[{"href":"https:\/\/elcapitalino.vip\/index.php?rest_route=\/wp\/v2\/posts\/5616","targetHints":{"allow":["GET"]}}],"collection":[{"href":"https:\/\/elcapitalino.vip\/index.php?rest_route=\/wp\/v2\/posts"}],"about":[{"href":"https:\/\/elcapitalino.vip\/index.php?rest_route=\/wp\/v2\/types\/post"}],"author":[{"embeddable":true,"href":"https:\/\/elcapitalino.vip\/index.php?rest_route=\/wp\/v2\/users\/4"}],"replies":[{"embeddable":true,"href":"https:\/\/elcapitalino.vip\/index.php?rest_route=%2Fwp%2Fv2%2Fcomments&post=5616"}],"version-history":[{"count":1,"href":"https:\/\/elcapitalino.vip\/index.php?rest_route=\/wp\/v2\/posts\/5616\/revisions"}],"predecessor-version":[{"id":5618,"href":"https:\/\/elcapitalino.vip\/index.php?rest_route=\/wp\/v2\/posts\/5616\/revisions\/5618"}],"wp:featuredmedia":[{"embeddable":true,"href":"https:\/\/elcapitalino.vip\/index.php?rest_route=\/wp\/v2\/media\/5617"}],"wp:attachment":[{"href":"https:\/\/elcapitalino.vip\/index.php?rest_route=%2Fwp%2Fv2%2Fmedia&parent=5616"}],"wp:term":[{"taxonomy":"category","embeddable":true,"href":"https:\/\/elcapitalino.vip\/index.php?rest_route=%2Fwp%2Fv2%2Fcategories&post=5616"},{"taxonomy":"post_tag","embeddable":true,"href":"https:\/\/elcapitalino.vip\/index.php?rest_route=%2Fwp%2Fv2%2Ftags&post=5616"}],"curies":[{"name":"wp","href":"https:\/\/api.w.org\/{rel}","templated":true}]}}