{"id":5592,"date":"2024-01-09T14:16:54","date_gmt":"2024-01-09T20:16:54","guid":{"rendered":"https:\/\/elcapitalino.vip\/?p=5592"},"modified":"2024-01-16T17:08:08","modified_gmt":"2024-01-16T23:08:08","slug":"asisten-mas-de-60-mil-personas-al-festival-pilares-2023-en-el-monumento-a-la-revolucion-martibatres-gobcdmx","status":"publish","type":"post","link":"https:\/\/elcapitalino.vip\/?p=5592","title":{"rendered":"Asisten m\u00e1s de 60 mil personas al Festival PILARES 2023 en el Monumento a la Revoluci\u00f3n \/ @martibatres @GobCDMX >>>"},"content":{"rendered":"\n<p><strong>#CDMX<\/strong>.- El Subsistema de Educaci\u00f3n Comunitaria Puntos de Innovaci\u00f3n, Libertad, Arte, Educaci\u00f3n y Saberes (PILARES) despidi\u00f3 este domingo el Primer Festival PILARES 2023, que del 7 al 10 de diciembre convoc\u00f3 en el Monumento a la Revoluci\u00f3n a m\u00e1s de 60 mil personas que disfrutaron de m\u00e1s de 60 actividades gratuitas entre conciertos, expresiones art\u00edsticas, culturales y deportivas, talleres de autonom\u00eda econ\u00f3mica y m\u00e1s.<\/p>\n\n\n\n<p>El cierre de esta fiesta cont\u00f3 con la presentaci\u00f3n estelar de la Orquesta Monumental Comunitaria PILARES, conformada por m\u00e1s de mil m\u00fasicos que interpretaron en vivo, por m\u00e1s de una hora, melod\u00edas como el \u201cHimno a la Alegr\u00eda\u201d, \u201cAmor Eterno\u201d, \u201cVen a Bailar\u201d y \u201cNunca es Suficiente\u201d; adem\u00e1s, a mitad del concierto la agrupaci\u00f3n estuvo acompa\u00f1ada por usuarios del taller de rap.<\/p>\n\n\n\n<p>Este ensamble musical es un proyecto que se ha conformado a partir de los 129 talleres de m\u00fasica gratuitos de PILARES, a los cuales asisten m\u00e1s de 2 mil 500 personas.<\/p>\n\n\n\n<p>A trav\u00e9s del Festival PILARES, el Subsistema de Educaci\u00f3n Comunitaria llev\u00f3 a cabo el cierre de cursos 2023, festej\u00f3 a la comunidad y mostr\u00f3 al p\u00fablico lo que se realiza d\u00eda a d\u00eda en estos espacios que apuestan por reconstruir el tejido social en colonias populares, a trav\u00e9s de la educaci\u00f3n, la cultura, el arte, el deporte y m\u00e1s.<\/p>\n\n\n\n<p>Entre las actividades que destacaron durante los cuatro d\u00edas de celebraci\u00f3n en el Monumento a la Revoluci\u00f3n, se encuentra la Ceremonia a los Cuatro Vientos, la mega clase de Lengua de Se\u00f1as Mexicana (LSM), el Hackat\u00f3n 3.0, la Fiesta de graduaci\u00f3n y entrega de reconocimientos, la Premiaci\u00f3n de los campeonatos de f\u00fatbol y b\u00e1squetbol, la Mega clase de yoga, la clase de Jumping, el baile del Payaso de Rodeo, carreras infantiles, y la Clase masiva de bote de bal\u00f3n con el ex jugador de baloncesto de la NBA, Eduardo N\u00e1jera.<\/p>\n\n\n\n<p><strong>#ElCapitalinoVIP<\/strong> &#8211; <a href=\"https:\/\/www.facebook.com\/ElCapitalinoVIP\/\"><strong>El Capitalino VIP<\/strong><\/a><\/p>\n","protected":false},"excerpt":{"rendered":"<p>#CDMX.- El Subsistema de Educaci\u00f3n Comunitaria Puntos de Innovaci\u00f3n, Libertad, Arte, Educaci\u00f3n y Saberes (PILARES) despidi\u00f3 este domingo el Primer<\/p>\n","protected":false},"author":4,"featured_media":5593,"comment_status":"open","ping_status":"open","sticky":false,"template":"","format":"standard","meta":{"colormag_page_container_layout":"default_layout","colormag_page_sidebar_layout":"default_layout","rop_custom_images_group":[],"rop_custom_messages_group":[],"rop_publish_now":"initial","rop_publish_now_accounts":{"facebook_110999734738224_105959668530459":""},"rop_publish_now_history":[],"rop_publish_now_status":"pending","footnotes":""},"categories":[14],"tags":[20,29,23,26,25,24],"class_list":["post-5592","post","type-post","status-publish","format-standard","has-post-thumbnail","hentry","category-secretarias","tag-ciudad-de-mexico","tag-el-capitalino-vip","tag-enterate","tag-redes-sociales","tag-ultima-hora","tag-ultimas-noticias"],"_links":{"self":[{"href":"https:\/\/elcapitalino.vip\/index.php?rest_route=\/wp\/v2\/posts\/5592","targetHints":{"allow":["GET"]}}],"collection":[{"href":"https:\/\/elcapitalino.vip\/index.php?rest_route=\/wp\/v2\/posts"}],"about":[{"href":"https:\/\/elcapitalino.vip\/index.php?rest_route=\/wp\/v2\/types\/post"}],"author":[{"embeddable":true,"href":"https:\/\/elcapitalino.vip\/index.php?rest_route=\/wp\/v2\/users\/4"}],"replies":[{"embeddable":true,"href":"https:\/\/elcapitalino.vip\/index.php?rest_route=%2Fwp%2Fv2%2Fcomments&post=5592"}],"version-history":[{"count":1,"href":"https:\/\/elcapitalino.vip\/index.php?rest_route=\/wp\/v2\/posts\/5592\/revisions"}],"predecessor-version":[{"id":5594,"href":"https:\/\/elcapitalino.vip\/index.php?rest_route=\/wp\/v2\/posts\/5592\/revisions\/5594"}],"wp:featuredmedia":[{"embeddable":true,"href":"https:\/\/elcapitalino.vip\/index.php?rest_route=\/wp\/v2\/media\/5593"}],"wp:attachment":[{"href":"https:\/\/elcapitalino.vip\/index.php?rest_route=%2Fwp%2Fv2%2Fmedia&parent=5592"}],"wp:term":[{"taxonomy":"category","embeddable":true,"href":"https:\/\/elcapitalino.vip\/index.php?rest_route=%2Fwp%2Fv2%2Fcategories&post=5592"},{"taxonomy":"post_tag","embeddable":true,"href":"https:\/\/elcapitalino.vip\/index.php?rest_route=%2Fwp%2Fv2%2Ftags&post=5592"}],"curies":[{"name":"wp","href":"https:\/\/api.w.org\/{rel}","templated":true}]}}