{"id":5528,"date":"2024-01-04T19:17:30","date_gmt":"2024-01-05T01:17:30","guid":{"rendered":"https:\/\/elcapitalino.vip\/?p=5528"},"modified":"2024-01-16T17:06:38","modified_gmt":"2024-01-16T23:06:38","slug":"tlalpan-inaugura-exposicion-de-grabado-feminista-alfagonzalezm-tlalpanal","status":"publish","type":"post","link":"https:\/\/elcapitalino.vip\/?p=5528","title":{"rendered":"Tlalpan inaugura exposici\u00f3n de grabado feminista \/ @alfagonzalezm @TlalpanAl >>>"},"content":{"rendered":"\n<p><strong>#Tlalpan, #CDMX<\/strong>.- Tlalpan inaugura la exposici\u00f3n con perspectiva de g\u00e9nero \u201cArte Feminista: Trazando Di\u00e1logos Desde la Gr\u00e1fica\u201d, que por medio de 50 obras, expresan las dificultades, alegr\u00edas, procesos, cicatrices, desapariciones forzadas y todos aquellos procesos que enfrentan las ni\u00f1as y mujeres.<\/p>\n\n\n\n<p>Durante la inauguraci\u00f3n, la profesora de El Laboratorio de Artes Gr\u00e1ficas para Mujeres del Centro de Artes y Oficios (CAO) Tiempo Nuevo, Metztlitunalli Valdez \u00c1lvarez reconoci\u00f3 la labor de todas las ni\u00f1as y mujeres involucradas en la creaci\u00f3n de esta galer\u00eda que reflejan sus vivencias, testimonios y dedicaci\u00f3n.<\/p>\n\n\n\n<p>Invit\u00f3 a las personas a reflexionar sobre las etiquetas que limitan el acceso a oportunidades y derechos de grupos vulnerables, los cuales significan un tema crucial ya que \u201chay que deconstruir para reconstruir\u201d, se\u00f1al\u00f3 la profesora.<\/p>\n\n\n\n<p>Ante la alcaldesa, Alfa Gonz\u00e1lez Magallanes, resalt\u00f3 la importancia de utilizar el arte como un medio de protesta y transformaci\u00f3n social, desmontando la concepci\u00f3n del arte como mera contemplaci\u00f3n, \u201cel arte es un elemento social y cultural que hoy debe ser una herramienta de movimiento para incidir en la transformaci\u00f3n social\u201d, concluy\u00f3.<\/p>\n\n\n\n<p>\u201cLas obras son testimonio visual de la fuerza, la resistencia y la diversidad de las mujeres en su lucha por la igualdad y la justicia.<\/p>\n\n\n\n<p>Esta exhibici\u00f3n es un llamado a la acci\u00f3n, una ventana hacia la transformaci\u00f3n social a trav\u00e9s del arte y la uni\u00f3n entre mujeres.\u201d coment\u00f3 la alcaldesa.<\/p>\n\n\n\n<p>En el marco de los 16 D\u00edas de Activismo en Contra de la Violencia hacia las Mujeres y Ni\u00f1as, Norma Ang\u00e9lica Alcaraz, una de las artistas gr\u00e1ficas, expres\u00f3 que en este espacio y el arte del grabado feminista han logrado que se sienta protegida y libre para expresar su arte donde se visibilizan las diversas luchas que enfrentan las mujeres.<\/p>\n\n\n\n<p><strong>#ElCapitalinoVIP<\/strong> &#8211; <a href=\"https:\/\/www.facebook.com\/ElCapitalinoVIP\/\"><strong>El Capitalino VIP<\/strong><\/a><\/p>\n","protected":false},"excerpt":{"rendered":"<p>#Tlalpan, #CDMX.- Tlalpan inaugura la exposici\u00f3n con perspectiva de g\u00e9nero \u201cArte Feminista: Trazando Di\u00e1logos Desde la Gr\u00e1fica\u201d, que por medio<\/p>\n","protected":false},"author":4,"featured_media":5529,"comment_status":"open","ping_status":"open","sticky":false,"template":"","format":"standard","meta":{"colormag_page_container_layout":"default_layout","colormag_page_sidebar_layout":"default_layout","rop_custom_images_group":[],"rop_custom_messages_group":[],"rop_publish_now":"initial","rop_publish_now_accounts":{"facebook_110999734738224_105959668530459":""},"rop_publish_now_history":[],"rop_publish_now_status":"pending","footnotes":""},"categories":[8],"tags":[49,20,29,23,21,26,25,24],"class_list":["post-5528","post","type-post","status-publish","format-standard","has-post-thumbnail","hentry","category-alcaldesas","tag-alcaldia-tlalpan","tag-ciudad-de-mexico","tag-el-capitalino-vip","tag-enterate","tag-gobierno-de-la-ciudad-de-mexico","tag-redes-sociales","tag-ultima-hora","tag-ultimas-noticias"],"_links":{"self":[{"href":"https:\/\/elcapitalino.vip\/index.php?rest_route=\/wp\/v2\/posts\/5528","targetHints":{"allow":["GET"]}}],"collection":[{"href":"https:\/\/elcapitalino.vip\/index.php?rest_route=\/wp\/v2\/posts"}],"about":[{"href":"https:\/\/elcapitalino.vip\/index.php?rest_route=\/wp\/v2\/types\/post"}],"author":[{"embeddable":true,"href":"https:\/\/elcapitalino.vip\/index.php?rest_route=\/wp\/v2\/users\/4"}],"replies":[{"embeddable":true,"href":"https:\/\/elcapitalino.vip\/index.php?rest_route=%2Fwp%2Fv2%2Fcomments&post=5528"}],"version-history":[{"count":1,"href":"https:\/\/elcapitalino.vip\/index.php?rest_route=\/wp\/v2\/posts\/5528\/revisions"}],"predecessor-version":[{"id":5530,"href":"https:\/\/elcapitalino.vip\/index.php?rest_route=\/wp\/v2\/posts\/5528\/revisions\/5530"}],"wp:featuredmedia":[{"embeddable":true,"href":"https:\/\/elcapitalino.vip\/index.php?rest_route=\/wp\/v2\/media\/5529"}],"wp:attachment":[{"href":"https:\/\/elcapitalino.vip\/index.php?rest_route=%2Fwp%2Fv2%2Fmedia&parent=5528"}],"wp:term":[{"taxonomy":"category","embeddable":true,"href":"https:\/\/elcapitalino.vip\/index.php?rest_route=%2Fwp%2Fv2%2Fcategories&post=5528"},{"taxonomy":"post_tag","embeddable":true,"href":"https:\/\/elcapitalino.vip\/index.php?rest_route=%2Fwp%2Fv2%2Ftags&post=5528"}],"curies":[{"name":"wp","href":"https:\/\/api.w.org\/{rel}","templated":true}]}}