{"id":544,"date":"2022-01-17T13:15:18","date_gmt":"2022-01-17T19:15:18","guid":{"rendered":"http:\/\/elcapitalino.vip\/?p=544"},"modified":"2022-01-17T13:19:34","modified_gmt":"2022-01-17T19:19:34","slug":"alcaldia-tlalpan-firma-convenio-con-liconsa","status":"publish","type":"post","link":"https:\/\/elcapitalino.vip\/?p=544","title":{"rendered":"Alcald\u00eda Tlalpan firma convenio con Liconsa"},"content":{"rendered":"\n<p><strong>#Tlalp\u00e1n,<\/strong> <strong>#CDMX<\/strong>.- Con el objetivo de continuar con el Programa de Abasto Social de leche, la alcaldesa de Tlalpan, Alfa Gonz\u00e1lez Magallanes firm\u00f3 un convenio de colaboraci\u00f3n con LICONSA, con lo que reafirm\u00f3 su compromiso que beneficia a las familias de la demarcaci\u00f3n que actualmente reciben el servicio en 41 lecher\u00edas.<\/p>\n\n\n\n<p>\u201cEsta firma es muy importante porque nos ayudar\u00e1 a incrementar la cantidad de beneficiarios y no discriminar ning\u00fan sector, especialmente en las zonas m\u00e1s marginadas\u201d resalt\u00f3 la alcaldesa de Tlalpan.<\/p>\n\n\n\n<p>Por parte de LICONSA, el convenio lo firm\u00f3 Jos\u00e9 Lu\u00eds Castillo Herrera, Gerente General de la zona Metropolitana Sur, qui\u00e9n record\u00f3 que Tlalpan es la segunda alcald\u00eda con m\u00e1s lecher\u00edas en toda la ciudad, lo que habla de la importancia de dar continuidad al programa.<\/p>\n\n\n\n<p>Castillo Herrera record\u00f3 que mientras la venta comercial de la leche es de 20 pesos, en LICONSA su venta por litro es de 5.50 pesos, subsidiando a los beneficiados con cuatro litros de leche l\u00edquida por cada integrante de la familia.<\/p>\n\n\n\n<p>Este programa beneficia a 59 mil 236 personas, distribuidos en 32 mil 159 familias que en total reciben 20 mil 860 litros diarios.<\/p>\n\n\n\n<p>La poblaci\u00f3n beneficiaria son: ni\u00f1os hasta los 12 a\u00f1os, ni\u00f1as hasta los 15 a\u00f1os, mujeres en per\u00edodo de gestaci\u00f3n o lactancia, adultos mayores de 60 a\u00f1os o m\u00e1s y mujeres de entre 45 a 59 a\u00f1os.<\/p>\n\n\n\n<p><strong>#ElCapitalinoVip<\/strong><\/p>\n","protected":false},"excerpt":{"rendered":"<p>#Tlalp\u00e1n, #CDMX.- Con el objetivo de continuar con el Programa de Abasto Social de leche, la alcaldesa de Tlalpan, Alfa<\/p>\n","protected":false},"author":5,"featured_media":0,"comment_status":"open","ping_status":"open","sticky":false,"template":"","format":"standard","meta":{"colormag_page_container_layout":"default_layout","colormag_page_sidebar_layout":"default_layout","rop_custom_images_group":[],"rop_custom_messages_group":[],"rop_publish_now":"initial","rop_publish_now_accounts":{"facebook_110999734738224_105959668530459":""},"rop_publish_now_history":[],"rop_publish_now_status":"pending","footnotes":""},"categories":[8],"tags":[49,20,29,23,21,26,25,24],"class_list":["post-544","post","type-post","status-publish","format-standard","hentry","category-alcaldesas","tag-alcaldia-tlalpan","tag-ciudad-de-mexico","tag-el-capitalino-vip","tag-enterate","tag-gobierno-de-la-ciudad-de-mexico","tag-redes-sociales","tag-ultima-hora","tag-ultimas-noticias"],"_links":{"self":[{"href":"https:\/\/elcapitalino.vip\/index.php?rest_route=\/wp\/v2\/posts\/544","targetHints":{"allow":["GET"]}}],"collection":[{"href":"https:\/\/elcapitalino.vip\/index.php?rest_route=\/wp\/v2\/posts"}],"about":[{"href":"https:\/\/elcapitalino.vip\/index.php?rest_route=\/wp\/v2\/types\/post"}],"author":[{"embeddable":true,"href":"https:\/\/elcapitalino.vip\/index.php?rest_route=\/wp\/v2\/users\/5"}],"replies":[{"embeddable":true,"href":"https:\/\/elcapitalino.vip\/index.php?rest_route=%2Fwp%2Fv2%2Fcomments&post=544"}],"version-history":[{"count":1,"href":"https:\/\/elcapitalino.vip\/index.php?rest_route=\/wp\/v2\/posts\/544\/revisions"}],"predecessor-version":[{"id":546,"href":"https:\/\/elcapitalino.vip\/index.php?rest_route=\/wp\/v2\/posts\/544\/revisions\/546"}],"wp:attachment":[{"href":"https:\/\/elcapitalino.vip\/index.php?rest_route=%2Fwp%2Fv2%2Fmedia&parent=544"}],"wp:term":[{"taxonomy":"category","embeddable":true,"href":"https:\/\/elcapitalino.vip\/index.php?rest_route=%2Fwp%2Fv2%2Fcategories&post=544"},{"taxonomy":"post_tag","embeddable":true,"href":"https:\/\/elcapitalino.vip\/index.php?rest_route=%2Fwp%2Fv2%2Ftags&post=544"}],"curies":[{"name":"wp","href":"https:\/\/api.w.org\/{rel}","templated":true}]}}