{"id":5413,"date":"2024-01-08T19:26:35","date_gmt":"2024-01-09T01:26:35","guid":{"rendered":"https:\/\/elcapitalino.vip\/?p=5413"},"modified":"2024-01-16T17:08:56","modified_gmt":"2024-01-16T23:08:56","slug":"abren-inscripciones-del-maraton-de-la-ciudad-de-mexico-telcel-2024-y-del-medio-maraton-de-la-ciudad-de-mexico-bbva-2024-martibatres-gobcdmx","status":"publish","type":"post","link":"https:\/\/elcapitalino.vip\/?p=5413","title":{"rendered":"Abren inscripciones del Marat\u00f3n de la Ciudad de M\u00e9xico Telcel 2024 y del Medio Marat\u00f3n de la Ciudad de M\u00e9xico BBVA 2024 \/ @martibatres @GobCDMX >>>"},"content":{"rendered":"\n<p><strong>#CDMX<\/strong>.- El Gobierno de la Ciudad de M\u00e9xico, a trav\u00e9s del Instituto del Deporte (INDEPORTE), dio a conocer que a partir de este mi\u00e9rcoles 29 de noviembre est\u00e1n abiertas las inscripciones para participar en las ediciones 2024 del Medio Marat\u00f3n de la Ciudad de M\u00e9xico BBVA y Marat\u00f3n de la Ciudad de M\u00e9xico Telcel, a realizarse los d\u00edas 14 de julio y 25 de agosto del pr\u00f3ximo a\u00f1o, respectivamente.<\/p>\n\n\n\n<p>\u201cA partir de hoy las inscripciones est\u00e1n abiertas (&#8230;) Estamos presentando las fechas el d\u00eda de hoy para que todos los corredores tengan una preparaci\u00f3n m\u00ednima de seis meses y tengan un buen resultado. Esperemos, como el a\u00f1o anterior, tener un gran Medio Marat\u00f3n y un gran Marat\u00f3n\u201d, expres\u00f3 el director general del INDEPORTE, Julio P\u00e9rez Guzm\u00e1n, en conferencia de prensa realizada en el Sal\u00f3n Arc\u00e1ngeles del Club de Banqueros de M\u00e9xico.<\/p>\n\n\n\n<p>De acuerdo con las convocatorias, que se realiza junto con la Federaci\u00f3n Mexicana de Asociaciones de Atletismo (FMAA), World Athletics (WA, por sus siglas en ingl\u00e9s) y la Asociaci\u00f3n Internacional de Maratones y Carreras de Distancia (AIMS, por sus siglas en ingl\u00e9s), los registros de inscripci\u00f3n para ambos maratones en las categor\u00edas Libre, Master, Veteranos y Personas con discapacidad se podr\u00e1n realizar a trav\u00e9s de 21k.cdmx.gob.mx para el Medio Marat\u00f3n, que consta de 21 kil\u00f3metros, y www.maraton.cdmx.gob.mx para el Marat\u00f3n, de 42 kil\u00f3metros; para ambos eventos deportivos se deber\u00e1 cubrir una cuota de recuperaci\u00f3n.<\/p>\n\n\n\n<p>En cuanto a la categor\u00eda ELITE, ser\u00e1 \u00fanicamente por invitaci\u00f3n con un cupo m\u00e1ximo de 100 atletas por rama para el Marat\u00f3n y de 50 corredores por rama para el Medio Marat\u00f3n. La segunda semana de agosto de 2024 se llevar\u00e1n a cabo las certificaciones para estos participantes.<\/p>\n\n\n\n<p>Al anuncio de inicio de inscripciones tambi\u00e9n asistieron la secretaria de Educaci\u00f3n, Ciencia, Tecnolog\u00eda e Innovaci\u00f3n (SECTEI), Ofelia Angulo Guerrero; y el presidente de la Federaci\u00f3n Mexicana de Asociaciones de Atletismo, Antonio Lozano Pineda; as\u00ed como invitados especiales, media partners, representantes de las marcas patrocinadoras y comisionados de fundaciones y asociaciones que integran la estrategia \u201cCorre con Causa\u201d.<\/p>\n\n\n\n<p><strong>#ElCapitalinoVIP<\/strong> &#8211; <a href=\"https:\/\/www.facebook.com\/ElCapitalinoVIP\/\"><strong>El Capitalino VIP<\/strong><\/a><\/p>\n","protected":false},"excerpt":{"rendered":"<p>#CDMX.- El Gobierno de la Ciudad de M\u00e9xico, a trav\u00e9s del Instituto del Deporte (INDEPORTE), dio a conocer que a<\/p>\n","protected":false},"author":4,"featured_media":5414,"comment_status":"open","ping_status":"open","sticky":false,"template":"","format":"standard","meta":{"colormag_page_container_layout":"default_layout","colormag_page_sidebar_layout":"default_layout","rop_custom_images_group":[],"rop_custom_messages_group":[],"rop_publish_now":"initial","rop_publish_now_accounts":{"facebook_110999734738224_105959668530459":""},"rop_publish_now_history":[],"rop_publish_now_status":"pending","footnotes":""},"categories":[16],"tags":[20,29,23,26,25,24],"class_list":["post-5413","post","type-post","status-publish","format-standard","has-post-thumbnail","hentry","category-ultima-hora","tag-ciudad-de-mexico","tag-el-capitalino-vip","tag-enterate","tag-redes-sociales","tag-ultima-hora","tag-ultimas-noticias"],"_links":{"self":[{"href":"https:\/\/elcapitalino.vip\/index.php?rest_route=\/wp\/v2\/posts\/5413","targetHints":{"allow":["GET"]}}],"collection":[{"href":"https:\/\/elcapitalino.vip\/index.php?rest_route=\/wp\/v2\/posts"}],"about":[{"href":"https:\/\/elcapitalino.vip\/index.php?rest_route=\/wp\/v2\/types\/post"}],"author":[{"embeddable":true,"href":"https:\/\/elcapitalino.vip\/index.php?rest_route=\/wp\/v2\/users\/4"}],"replies":[{"embeddable":true,"href":"https:\/\/elcapitalino.vip\/index.php?rest_route=%2Fwp%2Fv2%2Fcomments&post=5413"}],"version-history":[{"count":1,"href":"https:\/\/elcapitalino.vip\/index.php?rest_route=\/wp\/v2\/posts\/5413\/revisions"}],"predecessor-version":[{"id":5415,"href":"https:\/\/elcapitalino.vip\/index.php?rest_route=\/wp\/v2\/posts\/5413\/revisions\/5415"}],"wp:featuredmedia":[{"embeddable":true,"href":"https:\/\/elcapitalino.vip\/index.php?rest_route=\/wp\/v2\/media\/5414"}],"wp:attachment":[{"href":"https:\/\/elcapitalino.vip\/index.php?rest_route=%2Fwp%2Fv2%2Fmedia&parent=5413"}],"wp:term":[{"taxonomy":"category","embeddable":true,"href":"https:\/\/elcapitalino.vip\/index.php?rest_route=%2Fwp%2Fv2%2Fcategories&post=5413"},{"taxonomy":"post_tag","embeddable":true,"href":"https:\/\/elcapitalino.vip\/index.php?rest_route=%2Fwp%2Fv2%2Ftags&post=5413"}],"curies":[{"name":"wp","href":"https:\/\/api.w.org\/{rel}","templated":true}]}}