{"id":5397,"date":"2024-01-07T20:24:00","date_gmt":"2024-01-08T02:24:00","guid":{"rendered":"https:\/\/elcapitalino.vip\/?p=5397"},"modified":"2024-01-16T17:07:16","modified_gmt":"2024-01-16T23:07:16","slug":"cierre-del-curso-de-lengua-de-senas-mexicano-en-iztacalco-a_quinteromx-iztacalcoal","status":"publish","type":"post","link":"https:\/\/elcapitalino.vip\/?p=5397","title":{"rendered":"Cierre del \u201cCurso de Lengua de Se\u00f1as Mexicano\u201d en Iztacalco \/ @A_QuinteroMX @IztacalcoAl >>>"},"content":{"rendered":"\n<p><strong>#Iztacalco, #CDMX<\/strong>.- La \u00a0alcald\u00eda Iztacalco en coordinaci\u00f3n con el CECATI 14 \u00a0y la Jurisdicci\u00f3n Sanitaria Iztacalco del Gobierno del a Ciudad de M\u00e9xico, llevaron a cabo el cierre del \u201cCurso de Lengua de Se\u00f1as Mexicano\u201d especializada en materia de salud, para el personal de la jurisdicci\u00f3n en atenci\u00f3n a personas sordas, con el prop\u00f3sito de incluir e integrar adem\u00e1s de atender las necesidades de esta poblaci\u00f3n y preservar su derecho a la salud.<\/p>\n\n\n\n<p>De esta manera, 30 personas de la Jurisdicci\u00f3n Sanitaria han sido capacitadas en esta materia de una manera exitosa.<\/p>\n\n\n\n<p><strong>#ElCapitalinoVIP<\/strong> &#8211; <a href=\"https:\/\/www.facebook.com\/ElCapitalinoVIP\/\"><strong>El Capitalino VIP<\/strong><\/a><\/p>\n","protected":false},"excerpt":{"rendered":"<p>#Iztacalco, #CDMX.- La \u00a0alcald\u00eda Iztacalco en coordinaci\u00f3n con el CECATI 14 \u00a0y la Jurisdicci\u00f3n Sanitaria Iztacalco del Gobierno del a<\/p>\n","protected":false},"author":4,"featured_media":5398,"comment_status":"open","ping_status":"open","sticky":false,"template":"","format":"standard","meta":{"colormag_page_container_layout":"default_layout","colormag_page_sidebar_layout":"default_layout","rop_custom_images_group":[],"rop_custom_messages_group":[],"rop_publish_now":"initial","rop_publish_now_accounts":{"facebook_110999734738224_105959668530459":""},"rop_publish_now_history":[],"rop_publish_now_status":"pending","footnotes":""},"categories":[10],"tags":[91,52,20,29,23,26,25,24],"class_list":["post-5397","post","type-post","status-publish","format-standard","has-post-thumbnail","hentry","category-alcaldias","tag-alcaldia-iztacalco","tag-armando-quintero-martinez","tag-ciudad-de-mexico","tag-el-capitalino-vip","tag-enterate","tag-redes-sociales","tag-ultima-hora","tag-ultimas-noticias"],"_links":{"self":[{"href":"https:\/\/elcapitalino.vip\/index.php?rest_route=\/wp\/v2\/posts\/5397","targetHints":{"allow":["GET"]}}],"collection":[{"href":"https:\/\/elcapitalino.vip\/index.php?rest_route=\/wp\/v2\/posts"}],"about":[{"href":"https:\/\/elcapitalino.vip\/index.php?rest_route=\/wp\/v2\/types\/post"}],"author":[{"embeddable":true,"href":"https:\/\/elcapitalino.vip\/index.php?rest_route=\/wp\/v2\/users\/4"}],"replies":[{"embeddable":true,"href":"https:\/\/elcapitalino.vip\/index.php?rest_route=%2Fwp%2Fv2%2Fcomments&post=5397"}],"version-history":[{"count":1,"href":"https:\/\/elcapitalino.vip\/index.php?rest_route=\/wp\/v2\/posts\/5397\/revisions"}],"predecessor-version":[{"id":5399,"href":"https:\/\/elcapitalino.vip\/index.php?rest_route=\/wp\/v2\/posts\/5397\/revisions\/5399"}],"wp:featuredmedia":[{"embeddable":true,"href":"https:\/\/elcapitalino.vip\/index.php?rest_route=\/wp\/v2\/media\/5398"}],"wp:attachment":[{"href":"https:\/\/elcapitalino.vip\/index.php?rest_route=%2Fwp%2Fv2%2Fmedia&parent=5397"}],"wp:term":[{"taxonomy":"category","embeddable":true,"href":"https:\/\/elcapitalino.vip\/index.php?rest_route=%2Fwp%2Fv2%2Fcategories&post=5397"},{"taxonomy":"post_tag","embeddable":true,"href":"https:\/\/elcapitalino.vip\/index.php?rest_route=%2Fwp%2Fv2%2Ftags&post=5397"}],"curies":[{"name":"wp","href":"https:\/\/api.w.org\/{rel}","templated":true}]}}