{"id":491,"date":"2022-01-15T13:18:06","date_gmt":"2022-01-15T19:18:06","guid":{"rendered":"http:\/\/elcapitalino.vip\/?p=491"},"modified":"2022-01-15T13:18:07","modified_gmt":"2022-01-15T19:18:07","slug":"entrega-alcaldia-de-iztacalco-apoyos-a-personas-damnificadas-para-rehabilitacion-de-inmuebles","status":"publish","type":"post","link":"https:\/\/elcapitalino.vip\/?p=491","title":{"rendered":"Entrega alcald\u00eda de Iztacalco, apoyos a personas damnificadas para rehabilitaci\u00f3n de inmuebles"},"content":{"rendered":"\n<p><strong>#Iztapalapa<\/strong>, <strong>#CDMX<\/strong>.- El director general del Instituto de Vivienda de la Ciudad de M\u00e9xico, Anselmo Pe\u00f1a Collazo; el director general Operativo de la Comisi\u00f3n para la Reconstrucci\u00f3n, Arq. V\u00edctor Olvera Toledo y el Lic. \u00c1ngel S\u00e1nchez Cort\u00e9s, director general de Planeaci\u00f3n y Participaci\u00f3n Ciudadana de la Alcald\u00eda Iztapalapa, en representaci\u00f3n de la alcaldesa Clara Brugada M, hicieron entrega de apoyos a personas damnificadas de Iztapalapa para la rehabilitaci\u00f3n de sus casas da\u00f1adas por el Sismo19S de 2017.<\/p>\n\n\n\n<div class=\"wp-block-image\"><figure class=\"aligncenter size-full is-resized\"><img loading=\"lazy\" decoding=\"async\" src=\"http:\/\/elcapitalino.vip\/wp-content\/uploads\/2022\/01\/izta2-1.png\" alt=\"\" class=\"wp-image-492\" width=\"616\" height=\"360\"\/><\/figure><\/div>\n\n\n\n<p><strong>#ElCapitalinoVip<\/strong><\/p>\n","protected":false},"excerpt":{"rendered":"<p>#Iztapalapa, #CDMX.- El director general del Instituto de Vivienda de la Ciudad de M\u00e9xico, Anselmo Pe\u00f1a Collazo; el director general<\/p>\n","protected":false},"author":1,"featured_media":0,"comment_status":"open","ping_status":"open","sticky":false,"template":"","format":"standard","meta":{"colormag_page_container_layout":"default_layout","colormag_page_sidebar_layout":"default_layout","rop_custom_images_group":[],"rop_custom_messages_group":[],"rop_publish_now":"initial","rop_publish_now_accounts":{"facebook_110999734738224_105959668530459":""},"rop_publish_now_history":[],"rop_publish_now_status":"pending","footnotes":""},"categories":[11],"tags":[33,20,34,29,23,21,26,25,24],"class_list":["post-491","post","type-post","status-publish","format-standard","hentry","category-alcaldias-destacadas","tag-alcaldia-iztapalapa","tag-ciudad-de-mexico","tag-clara-brugada-molina","tag-el-capitalino-vip","tag-enterate","tag-gobierno-de-la-ciudad-de-mexico","tag-redes-sociales","tag-ultima-hora","tag-ultimas-noticias"],"_links":{"self":[{"href":"https:\/\/elcapitalino.vip\/index.php?rest_route=\/wp\/v2\/posts\/491","targetHints":{"allow":["GET"]}}],"collection":[{"href":"https:\/\/elcapitalino.vip\/index.php?rest_route=\/wp\/v2\/posts"}],"about":[{"href":"https:\/\/elcapitalino.vip\/index.php?rest_route=\/wp\/v2\/types\/post"}],"author":[{"embeddable":true,"href":"https:\/\/elcapitalino.vip\/index.php?rest_route=\/wp\/v2\/users\/1"}],"replies":[{"embeddable":true,"href":"https:\/\/elcapitalino.vip\/index.php?rest_route=%2Fwp%2Fv2%2Fcomments&post=491"}],"version-history":[{"count":1,"href":"https:\/\/elcapitalino.vip\/index.php?rest_route=\/wp\/v2\/posts\/491\/revisions"}],"predecessor-version":[{"id":494,"href":"https:\/\/elcapitalino.vip\/index.php?rest_route=\/wp\/v2\/posts\/491\/revisions\/494"}],"wp:attachment":[{"href":"https:\/\/elcapitalino.vip\/index.php?rest_route=%2Fwp%2Fv2%2Fmedia&parent=491"}],"wp:term":[{"taxonomy":"category","embeddable":true,"href":"https:\/\/elcapitalino.vip\/index.php?rest_route=%2Fwp%2Fv2%2Fcategories&post=491"},{"taxonomy":"post_tag","embeddable":true,"href":"https:\/\/elcapitalino.vip\/index.php?rest_route=%2Fwp%2Fv2%2Ftags&post=491"}],"curies":[{"name":"wp","href":"https:\/\/api.w.org\/{rel}","templated":true}]}}