{"id":467,"date":"2022-01-14T12:09:53","date_gmt":"2022-01-14T18:09:53","guid":{"rendered":"http:\/\/elcapitalino.vip\/?p=467"},"modified":"2022-01-14T12:09:54","modified_gmt":"2022-01-14T18:09:54","slug":"alcaldia-cuauhtemoc-dara-apoyos-a-mas-de-5-mil-personas-vulnerables-que-habitan-en-la-demarcacion-sandra-cuevas","status":"publish","type":"post","link":"https:\/\/elcapitalino.vip\/?p=467","title":{"rendered":"Alcald\u00eda Cuauht\u00e9moc dar\u00e1 apoyos a m\u00e1s de 5 mil personas vulnerables que habitan en la demarcaci\u00f3n: Sandra Cuevas"},"content":{"rendered":"\n<p><strong>#Cuauht\u00e9moc<\/strong>, <strong>#CDMX<\/strong>.- Sandra Cuevas, Alcaldesa en Cuauht\u00e9moc, dio a conocer que a partir de este mes se beneficiar\u00e1 con apoyos econ\u00f3micos y becas deportivas a 5 mil 264 habitantes en la demarcaci\u00f3n, beneficios que van desde los mil pesos hasta los 2 mil 500 pesos.<\/p>\n\n\n\n<p>Lo anterior est\u00e1 contemplado dentro de los programas sociales que ejercer\u00e1 la Alcald\u00eda dentro del Presupuesto de Egresos del Ejercicio Fiscal 2022.<\/p>\n\n\n\n<p>La Alcaldesa en Cuauht\u00e9moc precis\u00f3 que los apoyos econ\u00f3micos se destinar\u00e1n a trav\u00e9s de los siguientes programas:<\/p>\n\n\n\n<p>1.- Reconocimiento de las personas cuidadoras.<\/p>\n\n\n\n<p>2.- Jefas de familia para su inclusi\u00f3n laboral<\/p>\n\n\n\n<p>3.- Combate al rezago educativo de las infancias ind\u00edgenas.<\/p>\n\n\n\n<p>4.- Atenci\u00f3n en materia de salud de las personas transg\u00e9nero, transexuales, intersexuales y personas no binarias.<\/p>\n\n\n\n<p>5.-Becas deportivas.<\/p>\n\n\n\n<p>6.- Brigada Alcald\u00eda Cuauht\u00e9moc (BAC)<\/p>\n\n\n\n<p>7.-Apoyo econ\u00f3mico a personas no asalariadas que por motivo de secuelas de enfermedades cr\u00f3nico-degenerativas no transmisible y\/o terminales est\u00e9n imposibilitadas de trabajar y residan en la Alcald\u00eda Cuauht\u00e9moc.<\/p>\n\n\n\n<p><strong>#ElCapitalinoVip<\/strong><\/p>\n","protected":false},"excerpt":{"rendered":"<p>#Cuauht\u00e9moc, #CDMX.- Sandra Cuevas, Alcaldesa en Cuauht\u00e9moc, dio a conocer que a partir de este mes se beneficiar\u00e1 con apoyos<\/p>\n","protected":false},"author":1,"featured_media":0,"comment_status":"open","ping_status":"open","sticky":false,"template":"","format":"standard","meta":{"colormag_page_container_layout":"default_layout","colormag_page_sidebar_layout":"default_layout","rop_custom_images_group":[],"rop_custom_messages_group":[],"rop_publish_now":"initial","rop_publish_now_accounts":{"facebook_110999734738224_105959668530459":""},"rop_publish_now_history":[],"rop_publish_now_status":"pending","footnotes":""},"categories":[11],"tags":[41,20,29,23,21,26,40,25,24],"class_list":["post-467","post","type-post","status-publish","format-standard","hentry","category-alcaldias-destacadas","tag-alcaldia-cuauhtemoc","tag-ciudad-de-mexico","tag-el-capitalino-vip","tag-enterate","tag-gobierno-de-la-ciudad-de-mexico","tag-redes-sociales","tag-sandra-cuevas-nieves","tag-ultima-hora","tag-ultimas-noticias"],"_links":{"self":[{"href":"https:\/\/elcapitalino.vip\/index.php?rest_route=\/wp\/v2\/posts\/467","targetHints":{"allow":["GET"]}}],"collection":[{"href":"https:\/\/elcapitalino.vip\/index.php?rest_route=\/wp\/v2\/posts"}],"about":[{"href":"https:\/\/elcapitalino.vip\/index.php?rest_route=\/wp\/v2\/types\/post"}],"author":[{"embeddable":true,"href":"https:\/\/elcapitalino.vip\/index.php?rest_route=\/wp\/v2\/users\/1"}],"replies":[{"embeddable":true,"href":"https:\/\/elcapitalino.vip\/index.php?rest_route=%2Fwp%2Fv2%2Fcomments&post=467"}],"version-history":[{"count":1,"href":"https:\/\/elcapitalino.vip\/index.php?rest_route=\/wp\/v2\/posts\/467\/revisions"}],"predecessor-version":[{"id":469,"href":"https:\/\/elcapitalino.vip\/index.php?rest_route=\/wp\/v2\/posts\/467\/revisions\/469"}],"wp:attachment":[{"href":"https:\/\/elcapitalino.vip\/index.php?rest_route=%2Fwp%2Fv2%2Fmedia&parent=467"}],"wp:term":[{"taxonomy":"category","embeddable":true,"href":"https:\/\/elcapitalino.vip\/index.php?rest_route=%2Fwp%2Fv2%2Fcategories&post=467"},{"taxonomy":"post_tag","embeddable":true,"href":"https:\/\/elcapitalino.vip\/index.php?rest_route=%2Fwp%2Fv2%2Ftags&post=467"}],"curies":[{"name":"wp","href":"https:\/\/api.w.org\/{rel}","templated":true}]}}