{"id":419,"date":"2022-01-12T14:48:00","date_gmt":"2022-01-12T20:48:00","guid":{"rendered":"http:\/\/elcapitalino.vip\/?p=419"},"modified":"2022-01-12T12:49:59","modified_gmt":"2022-01-12T18:49:59","slug":"comienza-vacunacion-de-refuerzo-para-personal-educativo-de-instituciones-publicas-y-privadas-de-la-ciudad-de-mexico","status":"publish","type":"post","link":"https:\/\/elcapitalino.vip\/?p=419","title":{"rendered":"Comienza vacunaci\u00f3n de refuerzo para personal educativo de instituciones p\u00fablicas y privadas de la Ciudad de M\u00e9xico"},"content":{"rendered":"\n<p><strong>#CiudadDeM\u00e9xico<\/strong>.- El Gobierno capitalino, en coordinaci\u00f3n con la Autoridad Educativa Federal de la Ciudad de M\u00e9xico (AEFCM) informa que, del mi\u00e9rcoles 12 al martes 18 de enero, iniciar\u00e1 la aplicaci\u00f3n de la vacuna de refuerzo contra el COVID-19 con el biol\u00f3gico Moderna para el personal educativo de instituciones p\u00fablicas y privadas en la capital.<\/p>\n\n\n\n<p>La Jefa de Gobierno, Claudia Sheinbaum Pardo, puntualiz\u00f3 el 12 de enero iniciar\u00e1 la aplicaci\u00f3n de la vacuna de refuerzo a personal educativo cuyos centros de trabajo se encuentren en Tlalpan, Xochimilco, Tl\u00e1huac y Milpa Alta en el Instituto Tecnol\u00f3gico y de Estudios Superiores de Monterrey, en Tlalpan.<\/p>\n\n\n\n<p>\u201cPedirles a todas las instituciones educativas que permitan a sus trabajadores irse a vacunar durante estas fechas, obviamente la Secretar\u00eda de Educaci\u00f3n P\u00fablica va a dar todas las facilidades; y, en el caso de las dem\u00e1s instituciones, p\u00fablicas y privadas, que den todas las facilidades para que personal educativo que recibi\u00f3 su primera dosis de CanSino pueda recibir esta segunda dosis de Moderna en los siguientes d\u00edas\u201d, detall\u00f3.<\/p>\n\n\n\n<p>El titular de la AEFCM, Luis Humberto Fern\u00e1ndez Fuentes, explic\u00f3 que las personas que podr\u00e1n recibir su dosis de refuerzo son aquellas que recibieron la vacuna CanSino durante la vacunaci\u00f3n de personal educativo que se realiz\u00f3 en mayo y junio de 2021, as\u00ed como aquellos que laboran en centros de trabajo educativos de la Ciudad de M\u00e9xico. Adem\u00e1s de trabajadores que se incorporaron al sector educativo despu\u00e9s de la vacunaci\u00f3n de mayo-junio de 2021 y personas del sector que no se vacunaron con CanSino; y finalmente los que se inocularon en otra entidad como trabajadores educativos y que ahora laboran en la Ciudad de M\u00e9xico en el mismo \u00e1mbito.<\/p>\n\n\n\n<p>\u201cInvitamos a las maestras y maestros de la ciudad; la evidencia es contundente: el estar vacunados nos da una seguridad mucho mayor y nos permite seguir cumpliendo con nuestra labor, que es la m\u00e1s excelsa, que es la educaci\u00f3n. Entonces, s\u00ed, el llamado es que toda la evidencia nos muestra que es infinitamente m\u00e1s conveniente estar vacunados y hay todas las facilidades, como observar\u00e1n, la flexibilidad es muy grande para estar vacunados, no hay pretexto para no vacunarnos\u201d, destac\u00f3.<\/p>\n\n\n\n<p>La aplicaci\u00f3n de la dosis de refuerzo para personal educativo se realizar\u00e1 conforme a la letra inicial del primer apellido y bajo el siguiente calendario: A,B,C,D,E,F, jueves 13 de enero; G, H,I,J,K,L, viernes 14 de enero; M,N,\u00d1,O,P,Q, lunes 17 de enero; R,S,T,U,V,W,X,Y,Z, martes 18 de enero.<\/p>\n\n\n\n<p><strong>#ElCapitalinoVip<\/strong><\/p>\n","protected":false},"excerpt":{"rendered":"<p>#CiudadDeM\u00e9xico.- El Gobierno capitalino, en coordinaci\u00f3n con la Autoridad Educativa Federal de la Ciudad de M\u00e9xico (AEFCM) informa que, del<\/p>\n","protected":false},"author":4,"featured_media":0,"comment_status":"open","ping_status":"open","sticky":false,"template":"","format":"standard","meta":{"colormag_page_container_layout":"default_layout","colormag_page_sidebar_layout":"default_layout","rop_custom_images_group":[],"rop_custom_messages_group":[],"rop_publish_now":"initial","rop_publish_now_accounts":{"facebook_110999734738224_105959668530459":""},"rop_publish_now_history":[],"rop_publish_now_status":"pending","footnotes":""},"categories":[16],"tags":[20,29,23,21,26,25,24],"class_list":["post-419","post","type-post","status-publish","format-standard","hentry","category-ultima-hora","tag-ciudad-de-mexico","tag-el-capitalino-vip","tag-enterate","tag-gobierno-de-la-ciudad-de-mexico","tag-redes-sociales","tag-ultima-hora","tag-ultimas-noticias"],"_links":{"self":[{"href":"https:\/\/elcapitalino.vip\/index.php?rest_route=\/wp\/v2\/posts\/419","targetHints":{"allow":["GET"]}}],"collection":[{"href":"https:\/\/elcapitalino.vip\/index.php?rest_route=\/wp\/v2\/posts"}],"about":[{"href":"https:\/\/elcapitalino.vip\/index.php?rest_route=\/wp\/v2\/types\/post"}],"author":[{"embeddable":true,"href":"https:\/\/elcapitalino.vip\/index.php?rest_route=\/wp\/v2\/users\/4"}],"replies":[{"embeddable":true,"href":"https:\/\/elcapitalino.vip\/index.php?rest_route=%2Fwp%2Fv2%2Fcomments&post=419"}],"version-history":[{"count":1,"href":"https:\/\/elcapitalino.vip\/index.php?rest_route=\/wp\/v2\/posts\/419\/revisions"}],"predecessor-version":[{"id":421,"href":"https:\/\/elcapitalino.vip\/index.php?rest_route=\/wp\/v2\/posts\/419\/revisions\/421"}],"wp:attachment":[{"href":"https:\/\/elcapitalino.vip\/index.php?rest_route=%2Fwp%2Fv2%2Fmedia&parent=419"}],"wp:term":[{"taxonomy":"category","embeddable":true,"href":"https:\/\/elcapitalino.vip\/index.php?rest_route=%2Fwp%2Fv2%2Fcategories&post=419"},{"taxonomy":"post_tag","embeddable":true,"href":"https:\/\/elcapitalino.vip\/index.php?rest_route=%2Fwp%2Fv2%2Ftags&post=419"}],"curies":[{"name":"wp","href":"https:\/\/api.w.org\/{rel}","templated":true}]}}