{"id":4057,"date":"2023-01-26T09:39:20","date_gmt":"2023-01-26T15:39:20","guid":{"rendered":"http:\/\/elcapitalino.vip\/?p=4057"},"modified":"2023-01-26T09:39:22","modified_gmt":"2023-01-26T15:39:22","slug":"a-traves-de-una-aplicacion-movil-lanza-alvaro-obregon-la-herramienta-punto-violeta-lialimon-alcaldiaao","status":"publish","type":"post","link":"https:\/\/elcapitalino.vip\/?p=4057","title":{"rendered":"A trav\u00e9s de una aplicaci\u00f3n m\u00f3vil, lanza \u00c1lvaro Obreg\u00f3n la herramienta \u00abPunto Violeta\u00bb \/ @lialimon @AlcaldiaAO >>>"},"content":{"rendered":"\n<p><strong>#\u00c1lvaroObreg\u00f3n, #CDMX<\/strong>.- La alcald\u00eda de \u00c1lvaro Obreg\u00f3n lanz\u00f3 \u201cPuntoVioleta\u201d, la app que permite encontrar tu Puntos Violeta m\u00e1s cercano, en caso de estar en riesgo.<\/p>\n\n\n\n<p>Con esta herramienta la alcald\u00eda refrenda su compromiso con la seguridad de mujeres y ni\u00f1as.<\/p>\n\n\n\n<figure class=\"wp-block-image aligncenter size-large is-resized\"><img loading=\"lazy\" decoding=\"async\" src=\"http:\/\/elcapitalino.vip\/wp-content\/uploads\/2023\/01\/ao2-1024x681.jpg\" alt=\"\" class=\"wp-image-4058\" width=\"527\" height=\"350\" srcset=\"https:\/\/elcapitalino.vip\/wp-content\/uploads\/2023\/01\/ao2-1024x681.jpg 1024w, https:\/\/elcapitalino.vip\/wp-content\/uploads\/2023\/01\/ao2-300x200.jpg 300w, https:\/\/elcapitalino.vip\/wp-content\/uploads\/2023\/01\/ao2-768x511.jpg 768w, https:\/\/elcapitalino.vip\/wp-content\/uploads\/2023\/01\/ao2-1536x1022.jpg 1536w, https:\/\/elcapitalino.vip\/wp-content\/uploads\/2023\/01\/ao2-600x399.jpg 600w, https:\/\/elcapitalino.vip\/wp-content\/uploads\/2023\/01\/ao2.jpg 2048w\" sizes=\"auto, (max-width: 527px) 100vw, 527px\" \/><\/figure>\n\n\n\n<p><strong>#ElCapitalinoVIP<\/strong> &#8211; <a href=\"https:\/\/www.facebook.com\/ElCapitalinoVIP\/\"><strong>El Capitalino VIP<\/strong><\/a><\/p>\n","protected":false},"excerpt":{"rendered":"<p>#\u00c1lvaroObreg\u00f3n, #CDMX.- La alcald\u00eda de \u00c1lvaro Obreg\u00f3n lanz\u00f3 \u201cPuntoVioleta\u201d, la app que permite encontrar tu Puntos Violeta m\u00e1s cercano, en<\/p>\n","protected":false},"author":4,"featured_media":4059,"comment_status":"open","ping_status":"open","sticky":false,"template":"","format":"standard","meta":{"colormag_page_container_layout":"default_layout","colormag_page_sidebar_layout":"default_layout","rop_custom_images_group":[],"rop_custom_messages_group":[],"rop_publish_now":"initial","rop_publish_now_accounts":{"facebook_110999734738224_105959668530459":""},"rop_publish_now_history":[],"rop_publish_now_status":"pending","footnotes":""},"categories":[8],"tags":[18,22,80,20,19,29,23,21,17,26,106,98,103,102,97,104,105,25,24],"class_list":["post-4057","post","type-post","status-publish","format-standard","has-post-thumbnail","hentry","category-alcaldesas","tag-alcaldia-alvaro-obregon","tag-amlo","tag-cdmx","tag-ciudad-de-mexico","tag-claudia-sheinbaum","tag-el-capitalino-vip","tag-enterate","tag-gobierno-de-la-ciudad-de-mexico","tag-lia-limon-garcia","tag-redes-sociales","tag-secretaria-de-cultura","tag-secretaria-de-desarrollo-economico","tag-secretaria-de-economia","tag-secretaria-de-educacion-publica","tag-secretaria-de-seguridad-y-proteccion-ciudadana","tag-secretaria-del-medio-ambiente","tag-secretaria-del-trabajo-y-prevision-social","tag-ultima-hora","tag-ultimas-noticias"],"_links":{"self":[{"href":"https:\/\/elcapitalino.vip\/index.php?rest_route=\/wp\/v2\/posts\/4057","targetHints":{"allow":["GET"]}}],"collection":[{"href":"https:\/\/elcapitalino.vip\/index.php?rest_route=\/wp\/v2\/posts"}],"about":[{"href":"https:\/\/elcapitalino.vip\/index.php?rest_route=\/wp\/v2\/types\/post"}],"author":[{"embeddable":true,"href":"https:\/\/elcapitalino.vip\/index.php?rest_route=\/wp\/v2\/users\/4"}],"replies":[{"embeddable":true,"href":"https:\/\/elcapitalino.vip\/index.php?rest_route=%2Fwp%2Fv2%2Fcomments&post=4057"}],"version-history":[{"count":1,"href":"https:\/\/elcapitalino.vip\/index.php?rest_route=\/wp\/v2\/posts\/4057\/revisions"}],"predecessor-version":[{"id":4060,"href":"https:\/\/elcapitalino.vip\/index.php?rest_route=\/wp\/v2\/posts\/4057\/revisions\/4060"}],"wp:featuredmedia":[{"embeddable":true,"href":"https:\/\/elcapitalino.vip\/index.php?rest_route=\/wp\/v2\/media\/4059"}],"wp:attachment":[{"href":"https:\/\/elcapitalino.vip\/index.php?rest_route=%2Fwp%2Fv2%2Fmedia&parent=4057"}],"wp:term":[{"taxonomy":"category","embeddable":true,"href":"https:\/\/elcapitalino.vip\/index.php?rest_route=%2Fwp%2Fv2%2Fcategories&post=4057"},{"taxonomy":"post_tag","embeddable":true,"href":"https:\/\/elcapitalino.vip\/index.php?rest_route=%2Fwp%2Fv2%2Ftags&post=4057"}],"curies":[{"name":"wp","href":"https:\/\/api.w.org\/{rel}","templated":true}]}}