{"id":4048,"date":"2023-01-26T15:30:00","date_gmt":"2023-01-26T21:30:00","guid":{"rendered":"http:\/\/elcapitalino.vip\/?p=4048"},"modified":"2023-01-26T09:21:27","modified_gmt":"2023-01-26T15:21:27","slug":"reconoce-claudia-sheinbaum-a-primeros-alumnos-titulados-del-instituto-de-estudios-superiores-rosario-castellanos-claudiashein-gobcdmx","status":"publish","type":"post","link":"https:\/\/elcapitalino.vip\/?p=4048","title":{"rendered":"Reconoce Claudia Sheinbaum a primeros alumnos titulados del Instituto De Estudios Superiores Rosario Castellanos \/ @Claudiashein @GobCDMX >>>"},"content":{"rendered":"\n<p><strong>#CDMX<\/strong>.- El Gobierno de la Ciudad de M\u00e9xico reconoci\u00f3 a los primeros alumnos titulados del Instituto de Estudios Superiores \u201cRosario Castellanos\u201d (IESRC)\u201d, los maestros Rodrigo Arango Gopar y Ariel Antonio Cruz Rojas; y a la licenciada Jeannine Daytri Santa Anna del Conde Ju\u00e1rez.<\/p>\n\n\n\n<p>A trav\u00e9s de redes sociales la Jefa de Gobierno, Claudia Sheinbaum Pardo, destac\u00f3 que Rodrigo Arango Gopar se convierte en el primer maestro del pa\u00eds en obtener la especialidad de \u201cCambio Clim\u00e1tico y Biodiversidad\u201d, \u00fanica en la Instituci\u00f3n.<\/p>\n\n\n\n<p>\u201cCon especial dedicatoria a Rodrigo Arango, primer maestro egresado en Cambio Clim\u00e1tico y Biodiversidad del @irc_cdmx y del pa\u00eds, ya que la maestr\u00eda con esa especialidad solo se imparte en el Instituto. Un paso m\u00e1s en tu carrera. \u00a1Sigue adelante!\u201d, comparti\u00f3 la mandataria local.<\/p>\n\n\n\n<p>El pasado 20 de enero, los tres estudiantes realizaron sus ex\u00e1menes de licenciatura y posgrado en la unidad acad\u00e9mica Justo Sierra, ubicada en el Centro Hist\u00f3rico, Alcald\u00eda Cuauht\u00e9moc.<\/p>\n\n\n\n<p>Ariel Antonio Cruz Rojas culmin\u00f3 su maestr\u00eda en Ambientes, Sistemas y Gesti\u00f3n Educativa Multimodal con su tesis \u201cPrograma de Estrategias de Ense\u00f1anza de la M\u00fasica en la modalidad a distancia para educadores musicales\u201d y Jeannine Daytri Santa Anna del Conde Ju\u00e1rez se titul\u00f3 a nivel licenciatura en Tecnolog\u00edas de la Informaci\u00f3n y la Comunicaci\u00f3n, con la tesis \u201cAdopci\u00f3n del uso de herramientas digitales en comercios de abarrotes como estrategia de venta a causa del confinamiento por la pandemia por Covid \u2013 19 en la zona centro de la alcald\u00eda Cuajimalpa de Morelos\u201d.<\/p>\n\n\n\n<p><strong>#ElCapitalinoVIP<\/strong> &#8211; <a href=\"https:\/\/www.facebook.com\/ElCapitalinoVIP\/\"><strong>El Capitalino VIP<\/strong><\/a><\/p>\n","protected":false},"excerpt":{"rendered":"<p>#CDMX.- El Gobierno de la Ciudad de M\u00e9xico reconoci\u00f3 a los primeros alumnos titulados del Instituto de Estudios Superiores \u201cRosario<\/p>\n","protected":false},"author":4,"featured_media":4049,"comment_status":"open","ping_status":"open","sticky":false,"template":"","format":"standard","meta":{"colormag_page_container_layout":"default_layout","colormag_page_sidebar_layout":"default_layout","rop_custom_images_group":[],"rop_custom_messages_group":[],"rop_publish_now":"initial","rop_publish_now_accounts":{"facebook_110999734738224_105959668530459":""},"rop_publish_now_history":[],"rop_publish_now_status":"pending","footnotes":""},"categories":[16],"tags":[22,80,20,19,29,23,21,26,106,98,103,102,97,104,105,25,24],"class_list":["post-4048","post","type-post","status-publish","format-standard","has-post-thumbnail","hentry","category-ultima-hora","tag-amlo","tag-cdmx","tag-ciudad-de-mexico","tag-claudia-sheinbaum","tag-el-capitalino-vip","tag-enterate","tag-gobierno-de-la-ciudad-de-mexico","tag-redes-sociales","tag-secretaria-de-cultura","tag-secretaria-de-desarrollo-economico","tag-secretaria-de-economia","tag-secretaria-de-educacion-publica","tag-secretaria-de-seguridad-y-proteccion-ciudadana","tag-secretaria-del-medio-ambiente","tag-secretaria-del-trabajo-y-prevision-social","tag-ultima-hora","tag-ultimas-noticias"],"_links":{"self":[{"href":"https:\/\/elcapitalino.vip\/index.php?rest_route=\/wp\/v2\/posts\/4048","targetHints":{"allow":["GET"]}}],"collection":[{"href":"https:\/\/elcapitalino.vip\/index.php?rest_route=\/wp\/v2\/posts"}],"about":[{"href":"https:\/\/elcapitalino.vip\/index.php?rest_route=\/wp\/v2\/types\/post"}],"author":[{"embeddable":true,"href":"https:\/\/elcapitalino.vip\/index.php?rest_route=\/wp\/v2\/users\/4"}],"replies":[{"embeddable":true,"href":"https:\/\/elcapitalino.vip\/index.php?rest_route=%2Fwp%2Fv2%2Fcomments&post=4048"}],"version-history":[{"count":1,"href":"https:\/\/elcapitalino.vip\/index.php?rest_route=\/wp\/v2\/posts\/4048\/revisions"}],"predecessor-version":[{"id":4050,"href":"https:\/\/elcapitalino.vip\/index.php?rest_route=\/wp\/v2\/posts\/4048\/revisions\/4050"}],"wp:featuredmedia":[{"embeddable":true,"href":"https:\/\/elcapitalino.vip\/index.php?rest_route=\/wp\/v2\/media\/4049"}],"wp:attachment":[{"href":"https:\/\/elcapitalino.vip\/index.php?rest_route=%2Fwp%2Fv2%2Fmedia&parent=4048"}],"wp:term":[{"taxonomy":"category","embeddable":true,"href":"https:\/\/elcapitalino.vip\/index.php?rest_route=%2Fwp%2Fv2%2Fcategories&post=4048"},{"taxonomy":"post_tag","embeddable":true,"href":"https:\/\/elcapitalino.vip\/index.php?rest_route=%2Fwp%2Fv2%2Ftags&post=4048"}],"curies":[{"name":"wp","href":"https:\/\/api.w.org\/{rel}","templated":true}]}}