{"id":4032,"date":"2023-01-24T08:43:48","date_gmt":"2023-01-24T14:43:48","guid":{"rendered":"http:\/\/elcapitalino.vip\/?p=4032"},"modified":"2023-01-24T08:43:50","modified_gmt":"2023-01-24T14:43:50","slug":"supervisan-autoridades-de-tlalpan-condicion-del-puente-peatonal-cetram-estadio-azteca-alfagonzalezm-tlalpanal","status":"publish","type":"post","link":"https:\/\/elcapitalino.vip\/?p=4032","title":{"rendered":"Supervisan autoridades de Tlalpan, condici\u00f3n del puente peatonal CETRAM Estadio Azteca \/ @alfagonzalezm @TlalpanAl >>>"},"content":{"rendered":"\n<p><strong>#Tlalpan, #CDMX<\/strong>.- Personal de la Direcci\u00f3n General de Asuntos Jur\u00eddicos y de Gobierno, as\u00ed como de Obras y Desarrollo Urbano recorrieron con representantes del CETRAM Estadio Azteca y Secretar\u00eda de Desarrollo Econ\u00f3mico, Ciudad de M\u00e9xico, el puente peatonal de este paradero para valorar su estado y acordar labores para su mejoramiento.<\/p>\n\n\n\n<p>Adem\u00e1s se dio un curso de Protecci\u00f3n Civil a locatarios del Mercado Plaza Mexicana del Sur para promover su conocimiento sobre la mitigaci\u00f3n de incendios y prevenir emergencias.<\/p>\n\n\n\n<figure class=\"wp-block-image aligncenter size-large is-resized\"><img loading=\"lazy\" decoding=\"async\" src=\"http:\/\/elcapitalino.vip\/wp-content\/uploads\/2023\/01\/tlal2-1024x682.jpg\" alt=\"\" class=\"wp-image-4034\" width=\"474\" height=\"316\" srcset=\"https:\/\/elcapitalino.vip\/wp-content\/uploads\/2023\/01\/tlal2-1024x682.jpg 1024w, https:\/\/elcapitalino.vip\/wp-content\/uploads\/2023\/01\/tlal2-300x200.jpg 300w, https:\/\/elcapitalino.vip\/wp-content\/uploads\/2023\/01\/tlal2-768x512.jpg 768w, https:\/\/elcapitalino.vip\/wp-content\/uploads\/2023\/01\/tlal2-600x400.jpg 600w, https:\/\/elcapitalino.vip\/wp-content\/uploads\/2023\/01\/tlal2.jpg 1280w\" sizes=\"auto, (max-width: 474px) 100vw, 474px\" \/><\/figure>\n\n\n\n<p><strong>#ElCapitalinoVIP<\/strong> &#8211; <a href=\"https:\/\/www.facebook.com\/ElCapitalinoVIP\/\"><strong>El Capitalino VIP<\/strong><\/a><\/p>\n","protected":false},"excerpt":{"rendered":"<p>#Tlalpan, #CDMX.- Personal de la Direcci\u00f3n General de Asuntos Jur\u00eddicos y de Gobierno, as\u00ed como de Obras y Desarrollo Urbano<\/p>\n","protected":false},"author":4,"featured_media":4033,"comment_status":"open","ping_status":"open","sticky":false,"template":"","format":"standard","meta":{"colormag_page_container_layout":"default_layout","colormag_page_sidebar_layout":"default_layout","rop_custom_images_group":[],"rop_custom_messages_group":[],"rop_publish_now":"initial","rop_publish_now_accounts":{"facebook_110999734738224_105959668530459":""},"rop_publish_now_history":[],"rop_publish_now_status":"pending","footnotes":""},"categories":[8],"tags":[49,48,22,80,20,19,29,23,21,26,106,98,103,102,97,104,105,25,24],"class_list":["post-4032","post","type-post","status-publish","format-standard","has-post-thumbnail","hentry","category-alcaldesas","tag-alcaldia-tlalpan","tag-alfa-gonzalez-magallanes","tag-amlo","tag-cdmx","tag-ciudad-de-mexico","tag-claudia-sheinbaum","tag-el-capitalino-vip","tag-enterate","tag-gobierno-de-la-ciudad-de-mexico","tag-redes-sociales","tag-secretaria-de-cultura","tag-secretaria-de-desarrollo-economico","tag-secretaria-de-economia","tag-secretaria-de-educacion-publica","tag-secretaria-de-seguridad-y-proteccion-ciudadana","tag-secretaria-del-medio-ambiente","tag-secretaria-del-trabajo-y-prevision-social","tag-ultima-hora","tag-ultimas-noticias"],"_links":{"self":[{"href":"https:\/\/elcapitalino.vip\/index.php?rest_route=\/wp\/v2\/posts\/4032","targetHints":{"allow":["GET"]}}],"collection":[{"href":"https:\/\/elcapitalino.vip\/index.php?rest_route=\/wp\/v2\/posts"}],"about":[{"href":"https:\/\/elcapitalino.vip\/index.php?rest_route=\/wp\/v2\/types\/post"}],"author":[{"embeddable":true,"href":"https:\/\/elcapitalino.vip\/index.php?rest_route=\/wp\/v2\/users\/4"}],"replies":[{"embeddable":true,"href":"https:\/\/elcapitalino.vip\/index.php?rest_route=%2Fwp%2Fv2%2Fcomments&post=4032"}],"version-history":[{"count":1,"href":"https:\/\/elcapitalino.vip\/index.php?rest_route=\/wp\/v2\/posts\/4032\/revisions"}],"predecessor-version":[{"id":4035,"href":"https:\/\/elcapitalino.vip\/index.php?rest_route=\/wp\/v2\/posts\/4032\/revisions\/4035"}],"wp:featuredmedia":[{"embeddable":true,"href":"https:\/\/elcapitalino.vip\/index.php?rest_route=\/wp\/v2\/media\/4033"}],"wp:attachment":[{"href":"https:\/\/elcapitalino.vip\/index.php?rest_route=%2Fwp%2Fv2%2Fmedia&parent=4032"}],"wp:term":[{"taxonomy":"category","embeddable":true,"href":"https:\/\/elcapitalino.vip\/index.php?rest_route=%2Fwp%2Fv2%2Fcategories&post=4032"},{"taxonomy":"post_tag","embeddable":true,"href":"https:\/\/elcapitalino.vip\/index.php?rest_route=%2Fwp%2Fv2%2Ftags&post=4032"}],"curies":[{"name":"wp","href":"https:\/\/api.w.org\/{rel}","templated":true}]}}