{"id":4029,"date":"2023-01-24T08:38:53","date_gmt":"2023-01-24T14:38:53","guid":{"rendered":"http:\/\/elcapitalino.vip\/?p=4029"},"modified":"2023-01-24T08:38:55","modified_gmt":"2023-01-24T14:38:55","slug":"brinda-alcaldia-de-coyoacan-talleres-de-actualizacion-a-sus-bibliotecarios-giogutierrezag-alcaldia_coy","status":"publish","type":"post","link":"https:\/\/elcapitalino.vip\/?p=4029","title":{"rendered":"Brinda alcald\u00eda de Coyoac\u00e1n talleres de actualizaci\u00f3n a sus bibliotecarios \/ @giogutierrezag @Alcaldia_Coy >>>"},"content":{"rendered":"\n<p><strong>#Coyoac\u00e1n, #Edom\u00e9x<\/strong>.- La Alcald\u00eda Coyoac\u00e1n en colaboraci\u00f3n con la Secretar\u00eda de Educaci\u00f3n, Ciencia, Tecnolog\u00eda e Innovaci\u00f3n de la Ciudad de M\u00e9xico (SECTEI) imparti\u00f3 el taller de capacitaci\u00f3n \u00abTrabajo T\u00e9cnico a Acervo Bibliogr\u00e1fico\u00bb al personal bibliotecario de la demarcaci\u00f3n, en las instalaciones de la Biblioteca P\u00fablica \u00abVicente Guerrero\u00bb.<\/p>\n\n\n\n<p><br>En el curso, impartido por la subdirectora de atenci\u00f3n a usuarios de la SECTEI, Ver\u00f3nica Ju\u00e1rez, los 26 trabajadores de las 12 bibliotecas de la alcald\u00eda pudieron conocer el proceso t\u00e9cnico que se debe llevar a cabo con cada ejemplar para incorporarlo al cat\u00e1logo de consulta de cada biblioteca como son: colocaci\u00f3n de tarjeteros, etiquetas, esquineros, entre otros, o para pr\u00e9stamo a domicilio a los usuarios.<\/p>\n\n\n\n<p><br>Para el gobierno del alcalde Giovani Guti\u00e9rrez es importante trabajar en coordinaci\u00f3n con los tres niveles de gobierno, para elevar la calidad de vida de las familias coyoacanenses y la capacitaci\u00f3n a los trabajadores es una de las prioridades, ya que al contar con personal que est\u00e9 actualizado en sus diversas \u00e1reas permitir\u00e1 dar una respuesta m\u00e1s r\u00e1pida y oportuna a las necesidades de las y los vecinos.<\/p>\n\n\n\n<p><br>En Coyoac\u00e1n las bibliotecas p\u00fablicas son coordinadas en conjunto por la Alcald\u00eda, la Direcci\u00f3n General de Bibliotecas de la Secretar\u00eda de Cultura del Gobierno de M\u00e9xico (DGB) y la Direcci\u00f3n de Acervo Bibliohemerogr\u00e1fico de la Secretar\u00eda de Educaci\u00f3n, Ciencia, Tecnolog\u00eda e Innovaci\u00f3n del Gobierno de la Ciudad de M\u00e9xico (SECTEI) y una biblioteca especializada en arte y cultura.<\/p>\n\n\n\n<p><strong>#ElCapitalinoVIP<\/strong> &#8211; <a href=\"https:\/\/www.facebook.com\/ElCapitalinoVIP\/\"><strong>El Capitalino VIP<\/strong><\/a><\/p>\n","protected":false},"excerpt":{"rendered":"<p>#Coyoac\u00e1n, #Edom\u00e9x.- La Alcald\u00eda Coyoac\u00e1n en colaboraci\u00f3n con la Secretar\u00eda de Educaci\u00f3n, Ciencia, Tecnolog\u00eda e Innovaci\u00f3n de la Ciudad de<\/p>\n","protected":false},"author":4,"featured_media":4030,"comment_status":"open","ping_status":"open","sticky":false,"template":"","format":"standard","meta":{"colormag_page_container_layout":"default_layout","colormag_page_sidebar_layout":"default_layout","rop_custom_images_group":[],"rop_custom_messages_group":[],"rop_publish_now":"initial","rop_publish_now_accounts":{"facebook_110999734738224_105959668530459":""},"rop_publish_now_history":[],"rop_publish_now_status":"pending","footnotes":""},"categories":[10],"tags":[54,22,80,20,19,29,23,82,21,26,106,98,103,102,97,104,105,25,24],"class_list":["post-4029","post","type-post","status-publish","format-standard","has-post-thumbnail","hentry","category-alcaldias","tag-alcaldia-coyoacan","tag-amlo","tag-cdmx","tag-ciudad-de-mexico","tag-claudia-sheinbaum","tag-el-capitalino-vip","tag-enterate","tag-giovani-gutierrez","tag-gobierno-de-la-ciudad-de-mexico","tag-redes-sociales","tag-secretaria-de-cultura","tag-secretaria-de-desarrollo-economico","tag-secretaria-de-economia","tag-secretaria-de-educacion-publica","tag-secretaria-de-seguridad-y-proteccion-ciudadana","tag-secretaria-del-medio-ambiente","tag-secretaria-del-trabajo-y-prevision-social","tag-ultima-hora","tag-ultimas-noticias"],"_links":{"self":[{"href":"https:\/\/elcapitalino.vip\/index.php?rest_route=\/wp\/v2\/posts\/4029","targetHints":{"allow":["GET"]}}],"collection":[{"href":"https:\/\/elcapitalino.vip\/index.php?rest_route=\/wp\/v2\/posts"}],"about":[{"href":"https:\/\/elcapitalino.vip\/index.php?rest_route=\/wp\/v2\/types\/post"}],"author":[{"embeddable":true,"href":"https:\/\/elcapitalino.vip\/index.php?rest_route=\/wp\/v2\/users\/4"}],"replies":[{"embeddable":true,"href":"https:\/\/elcapitalino.vip\/index.php?rest_route=%2Fwp%2Fv2%2Fcomments&post=4029"}],"version-history":[{"count":1,"href":"https:\/\/elcapitalino.vip\/index.php?rest_route=\/wp\/v2\/posts\/4029\/revisions"}],"predecessor-version":[{"id":4031,"href":"https:\/\/elcapitalino.vip\/index.php?rest_route=\/wp\/v2\/posts\/4029\/revisions\/4031"}],"wp:featuredmedia":[{"embeddable":true,"href":"https:\/\/elcapitalino.vip\/index.php?rest_route=\/wp\/v2\/media\/4030"}],"wp:attachment":[{"href":"https:\/\/elcapitalino.vip\/index.php?rest_route=%2Fwp%2Fv2%2Fmedia&parent=4029"}],"wp:term":[{"taxonomy":"category","embeddable":true,"href":"https:\/\/elcapitalino.vip\/index.php?rest_route=%2Fwp%2Fv2%2Fcategories&post=4029"},{"taxonomy":"post_tag","embeddable":true,"href":"https:\/\/elcapitalino.vip\/index.php?rest_route=%2Fwp%2Fv2%2Ftags&post=4029"}],"curies":[{"name":"wp","href":"https:\/\/api.w.org\/{rel}","templated":true}]}}