{"id":3981,"date":"2023-01-17T09:10:50","date_gmt":"2023-01-17T15:10:50","guid":{"rendered":"http:\/\/elcapitalino.vip\/?p=3981"},"modified":"2023-01-17T09:10:51","modified_gmt":"2023-01-17T15:10:51","slug":"elementos-de-la-subdireccion-de-la-territorial-culhuacanes-realizan-labores-de-mantenimiento-en-secundaria-de-coyoacan-giogutierrezag-alcaldia_coy","status":"publish","type":"post","link":"https:\/\/elcapitalino.vip\/?p=3981","title":{"rendered":"Elementos de la Subdirecci\u00f3n de la Territorial Culhuacanes realizan labores de mantenimiento en secundaria de Coyoac\u00e1n \/ @giogutierrezag @Alcaldia_Coy >>>"},"content":{"rendered":"\n<p><strong>#Coyoac\u00e1n, #CDMX<\/strong>.- Personal de la Subdirecci\u00f3n de la Territorial Culhuacanes realiz\u00f3 trabajos de limpieza, recuperando espacios de la escuela Secundaria T\u00e9cnica 43 \u201cLuis Enrique Erro\u201d.<\/p>\n\n\n\n<figure class=\"wp-block-image aligncenter size-full is-resized\"><img loading=\"lazy\" decoding=\"async\" src=\"http:\/\/elcapitalino.vip\/wp-content\/uploads\/2023\/01\/coyo2-2.jpg\" alt=\"\" class=\"wp-image-3982\" width=\"492\" height=\"283\" srcset=\"https:\/\/elcapitalino.vip\/wp-content\/uploads\/2023\/01\/coyo2-2.jpg 1024w, https:\/\/elcapitalino.vip\/wp-content\/uploads\/2023\/01\/coyo2-2-300x173.jpg 300w, https:\/\/elcapitalino.vip\/wp-content\/uploads\/2023\/01\/coyo2-2-768x443.jpg 768w, https:\/\/elcapitalino.vip\/wp-content\/uploads\/2023\/01\/coyo2-2-600x346.jpg 600w\" sizes=\"auto, (max-width: 492px) 100vw, 492px\" \/><\/figure>\n\n\n\n<p><strong>#ElCapitalinoVIP<\/strong> &#8211; <a href=\"https:\/\/www.facebook.com\/ElCapitalinoVIP\/\"><strong>El Capitalino VIP<\/strong><\/a><\/p>\n","protected":false},"excerpt":{"rendered":"<p>#Coyoac\u00e1n, #CDMX.- Personal de la Subdirecci\u00f3n de la Territorial Culhuacanes realiz\u00f3 trabajos de limpieza, recuperando espacios de la escuela Secundaria<\/p>\n","protected":false},"author":4,"featured_media":3983,"comment_status":"open","ping_status":"open","sticky":false,"template":"","format":"standard","meta":{"colormag_page_container_layout":"default_layout","colormag_page_sidebar_layout":"default_layout","rop_custom_images_group":[],"rop_custom_messages_group":[],"rop_publish_now":"initial","rop_publish_now_accounts":{"facebook_110999734738224_105959668530459":""},"rop_publish_now_history":[],"rop_publish_now_status":"pending","footnotes":""},"categories":[10],"tags":[54,22,80,20,19,29,23,82,21,26,106,98,103,102,97,104,105,25,24],"class_list":["post-3981","post","type-post","status-publish","format-standard","has-post-thumbnail","hentry","category-alcaldias","tag-alcaldia-coyoacan","tag-amlo","tag-cdmx","tag-ciudad-de-mexico","tag-claudia-sheinbaum","tag-el-capitalino-vip","tag-enterate","tag-giovani-gutierrez","tag-gobierno-de-la-ciudad-de-mexico","tag-redes-sociales","tag-secretaria-de-cultura","tag-secretaria-de-desarrollo-economico","tag-secretaria-de-economia","tag-secretaria-de-educacion-publica","tag-secretaria-de-seguridad-y-proteccion-ciudadana","tag-secretaria-del-medio-ambiente","tag-secretaria-del-trabajo-y-prevision-social","tag-ultima-hora","tag-ultimas-noticias"],"_links":{"self":[{"href":"https:\/\/elcapitalino.vip\/index.php?rest_route=\/wp\/v2\/posts\/3981","targetHints":{"allow":["GET"]}}],"collection":[{"href":"https:\/\/elcapitalino.vip\/index.php?rest_route=\/wp\/v2\/posts"}],"about":[{"href":"https:\/\/elcapitalino.vip\/index.php?rest_route=\/wp\/v2\/types\/post"}],"author":[{"embeddable":true,"href":"https:\/\/elcapitalino.vip\/index.php?rest_route=\/wp\/v2\/users\/4"}],"replies":[{"embeddable":true,"href":"https:\/\/elcapitalino.vip\/index.php?rest_route=%2Fwp%2Fv2%2Fcomments&post=3981"}],"version-history":[{"count":1,"href":"https:\/\/elcapitalino.vip\/index.php?rest_route=\/wp\/v2\/posts\/3981\/revisions"}],"predecessor-version":[{"id":3984,"href":"https:\/\/elcapitalino.vip\/index.php?rest_route=\/wp\/v2\/posts\/3981\/revisions\/3984"}],"wp:featuredmedia":[{"embeddable":true,"href":"https:\/\/elcapitalino.vip\/index.php?rest_route=\/wp\/v2\/media\/3983"}],"wp:attachment":[{"href":"https:\/\/elcapitalino.vip\/index.php?rest_route=%2Fwp%2Fv2%2Fmedia&parent=3981"}],"wp:term":[{"taxonomy":"category","embeddable":true,"href":"https:\/\/elcapitalino.vip\/index.php?rest_route=%2Fwp%2Fv2%2Fcategories&post=3981"},{"taxonomy":"post_tag","embeddable":true,"href":"https:\/\/elcapitalino.vip\/index.php?rest_route=%2Fwp%2Fv2%2Ftags&post=3981"}],"curies":[{"name":"wp","href":"https:\/\/api.w.org\/{rel}","templated":true}]}}