{"id":3897,"date":"2023-01-05T13:30:00","date_gmt":"2023-01-05T19:30:00","guid":{"rendered":"http:\/\/elcapitalino.vip\/?p=3897"},"modified":"2023-01-05T09:13:02","modified_gmt":"2023-01-05T15:13:02","slug":"publica-sedema-primer-semestre-de-verificacion-vehicular-2023-claudiashein-gobcdmx","status":"publish","type":"post","link":"https:\/\/elcapitalino.vip\/?p=3897","title":{"rendered":"Publica SEDEMA primer semestre de Verificaci\u00f3n Vehicular 2023 \/ @Claudiashein @GobCDMX >>>"},"content":{"rendered":"\n<p><strong>#CDMX<\/strong>.- La Secretar\u00eda del Medio Ambiente (Sedema) capitalina, a trav\u00e9s de la Direcci\u00f3n General de Calidad del Aire, public\u00f3 hoy martes 3 de enero en la Gaceta Oficial de la Ciudad de M\u00e9xico el Programa de Verificaci\u00f3n Vehicular Obligatorio para el primer semestre de 2023, el cual entrar\u00e1 en vigor el pr\u00f3ximo 9 de enero y tendr\u00e1 vigencia hasta el 30 de junio de 2023.<\/p>\n\n\n\n<p>Este Programa de Verificaci\u00f3n Vehicular mantiene las condiciones de verificaci\u00f3n de emisiones de los automotores y el costo por los servicios de verificaci\u00f3n vehicular que presten los Verificentros, para todo tipo de Constancia de Verificaci\u00f3n (Holograma \u201c0\u201d, \u201c1\u201d, \u201c2\u201d, Rechazo y Evaluaci\u00f3n T\u00e9cnica), as\u00ed como del incentivo \u201c00\u201d que se entregue al usuario, es de 5.625 veces la Unidad de Medida y Actualizaci\u00f3n vigente m\u00e1s el Impuesto al Valor Agregado (IVA), lo que equivale a $628.00.<\/p>\n\n\n\n<p>Y el monto de la multa por verificaci\u00f3n vehicular extempor\u00e1nea, por circular emitiendo ostensiblemente humo negro o azul o por no contar con verificaci\u00f3n vehicular vigente y\/o circular en d\u00eda u horario restringido es de 20 veces la Unidad de Medida y Actualizaci\u00f3n (equivalente a $1924.00).<\/p>\n\n\n\n<p>Las tarifas referidas anteriormente se mantendr\u00e1n con el monto establecido para el ejercicio fiscal 2022, hasta en tanto entre en vigor la actualizaci\u00f3n de la Unidad de Medida y Actualizaci\u00f3n (UMA) en 2023, de conformidad con el ajuste que publique el Instituto Nacional de Estad\u00edstica y Geograf\u00eda (INEGI) en el Diario Oficial de la Federaci\u00f3n y el aviso o Circular que emita la Secretar\u00eda.<\/p>\n\n\n\n<p>El calendario de verificaci\u00f3n de los veh\u00edculos matriculados en la Ciudad de M\u00e9xico seguir\u00e1 aplic\u00e1ndose de acuerdo con el color del engomado de circulaci\u00f3n o al \u00faltimo d\u00edgito num\u00e9rico de las placas de circulaci\u00f3n de la unidad.<\/p>\n\n\n\n<p><strong>#ElCapitalinoVIP<\/strong> &#8211; <a href=\"https:\/\/www.facebook.com\/ElCapitalinoVIP\/\"><strong>El Capitalino VIP<\/strong><\/a><\/p>\n","protected":false},"excerpt":{"rendered":"<p>#CDMX.- La Secretar\u00eda del Medio Ambiente (Sedema) capitalina, a trav\u00e9s de la Direcci\u00f3n General de Calidad del Aire, public\u00f3 hoy<\/p>\n","protected":false},"author":4,"featured_media":3898,"comment_status":"open","ping_status":"open","sticky":false,"template":"","format":"standard","meta":{"colormag_page_container_layout":"default_layout","colormag_page_sidebar_layout":"default_layout","rop_custom_images_group":[],"rop_custom_messages_group":[],"rop_publish_now":"initial","rop_publish_now_accounts":{"facebook_110999734738224_105959668530459":""},"rop_publish_now_history":[],"rop_publish_now_status":"pending","footnotes":""},"categories":[14],"tags":[22,80,20,19,29,23,21,26,106,98,103,102,97,104,105,25,24],"class_list":["post-3897","post","type-post","status-publish","format-standard","has-post-thumbnail","hentry","category-secretarias","tag-amlo","tag-cdmx","tag-ciudad-de-mexico","tag-claudia-sheinbaum","tag-el-capitalino-vip","tag-enterate","tag-gobierno-de-la-ciudad-de-mexico","tag-redes-sociales","tag-secretaria-de-cultura","tag-secretaria-de-desarrollo-economico","tag-secretaria-de-economia","tag-secretaria-de-educacion-publica","tag-secretaria-de-seguridad-y-proteccion-ciudadana","tag-secretaria-del-medio-ambiente","tag-secretaria-del-trabajo-y-prevision-social","tag-ultima-hora","tag-ultimas-noticias"],"_links":{"self":[{"href":"https:\/\/elcapitalino.vip\/index.php?rest_route=\/wp\/v2\/posts\/3897","targetHints":{"allow":["GET"]}}],"collection":[{"href":"https:\/\/elcapitalino.vip\/index.php?rest_route=\/wp\/v2\/posts"}],"about":[{"href":"https:\/\/elcapitalino.vip\/index.php?rest_route=\/wp\/v2\/types\/post"}],"author":[{"embeddable":true,"href":"https:\/\/elcapitalino.vip\/index.php?rest_route=\/wp\/v2\/users\/4"}],"replies":[{"embeddable":true,"href":"https:\/\/elcapitalino.vip\/index.php?rest_route=%2Fwp%2Fv2%2Fcomments&post=3897"}],"version-history":[{"count":1,"href":"https:\/\/elcapitalino.vip\/index.php?rest_route=\/wp\/v2\/posts\/3897\/revisions"}],"predecessor-version":[{"id":3899,"href":"https:\/\/elcapitalino.vip\/index.php?rest_route=\/wp\/v2\/posts\/3897\/revisions\/3899"}],"wp:featuredmedia":[{"embeddable":true,"href":"https:\/\/elcapitalino.vip\/index.php?rest_route=\/wp\/v2\/media\/3898"}],"wp:attachment":[{"href":"https:\/\/elcapitalino.vip\/index.php?rest_route=%2Fwp%2Fv2%2Fmedia&parent=3897"}],"wp:term":[{"taxonomy":"category","embeddable":true,"href":"https:\/\/elcapitalino.vip\/index.php?rest_route=%2Fwp%2Fv2%2Fcategories&post=3897"},{"taxonomy":"post_tag","embeddable":true,"href":"https:\/\/elcapitalino.vip\/index.php?rest_route=%2Fwp%2Fv2%2Ftags&post=3897"}],"curies":[{"name":"wp","href":"https:\/\/api.w.org\/{rel}","templated":true}]}}