{"id":3887,"date":"2023-01-03T09:21:17","date_gmt":"2023-01-03T15:21:17","guid":{"rendered":"http:\/\/elcapitalino.vip\/?p=3887"},"modified":"2023-01-03T09:21:19","modified_gmt":"2023-01-03T15:21:19","slug":"trabaja-personal-de-obras-de-coyoacan-en-mantenimiento-a-la-fachada-del-jardin-de-ninos-21-de-abril-giogutierrezag-alcaldia_coy","status":"publish","type":"post","link":"https:\/\/elcapitalino.vip\/?p=3887","title":{"rendered":"Trabaja personal de Obras de Coyoac\u00e1n en mantenimiento a la fachada del Jard\u00edn de Ni\u00f1os \u201d21 de Abril\u00bb \/ @giogutierrezag @Alcaldia_Coy >>>"},"content":{"rendered":"\n<p><strong>#\u00c1lvaroObreg\u00f3n, #CDMX<\/strong>.- Continuando con la mejora de los espacios de educaci\u00f3n b\u00e1sica y preescolar para ni\u00f1as y ni\u00f1os. La Direcci\u00f3n General de Obras de Coyoac\u00e1n, se dio mantenimiento a la fachada del Jard\u00edn de Ni\u00f1os \u201d21 de Abril\u00bb, en la U.H. CTM secci\u00f3n II de Culhuac\u00e1n, con aplicaci\u00f3n de pintura y r\u00f3tulos.<\/p>\n\n\n\n<figure class=\"wp-block-image aligncenter size-large is-resized\"><img loading=\"lazy\" decoding=\"async\" src=\"http:\/\/elcapitalino.vip\/wp-content\/uploads\/2023\/01\/coyo2-1024x1024.jpg\" alt=\"\" class=\"wp-image-3888\" width=\"454\" height=\"454\" srcset=\"https:\/\/elcapitalino.vip\/wp-content\/uploads\/2023\/01\/coyo2-1024x1024.jpg 1024w, https:\/\/elcapitalino.vip\/wp-content\/uploads\/2023\/01\/coyo2-300x300.jpg 300w, https:\/\/elcapitalino.vip\/wp-content\/uploads\/2023\/01\/coyo2-150x150.jpg 150w, https:\/\/elcapitalino.vip\/wp-content\/uploads\/2023\/01\/coyo2-768x768.jpg 768w, https:\/\/elcapitalino.vip\/wp-content\/uploads\/2023\/01\/coyo2-600x600.jpg 600w, https:\/\/elcapitalino.vip\/wp-content\/uploads\/2023\/01\/coyo2.jpg 1280w\" sizes=\"auto, (max-width: 454px) 100vw, 454px\" \/><\/figure>\n\n\n\n<p><strong>#ElCapitalinoVIP<\/strong> &#8211; <a href=\"https:\/\/www.facebook.com\/ElCapitalinoVIP\/\"><strong>El Capitalino VIP<\/strong><\/a><\/p>\n","protected":false},"excerpt":{"rendered":"<p>#\u00c1lvaroObreg\u00f3n, #CDMX.- Continuando con la mejora de los espacios de educaci\u00f3n b\u00e1sica y preescolar para ni\u00f1as y ni\u00f1os. La Direcci\u00f3n<\/p>\n","protected":false},"author":4,"featured_media":3889,"comment_status":"open","ping_status":"open","sticky":false,"template":"","format":"standard","meta":{"colormag_page_container_layout":"default_layout","colormag_page_sidebar_layout":"default_layout","rop_custom_images_group":[],"rop_custom_messages_group":[],"rop_publish_now":"initial","rop_publish_now_accounts":{"facebook_110999734738224_105959668530459":""},"rop_publish_now_history":[],"rop_publish_now_status":"pending","footnotes":""},"categories":[10],"tags":[54,22,80,20,19,29,23,82,21,26,106,98,103,102,97,104,105,25,24],"class_list":["post-3887","post","type-post","status-publish","format-standard","has-post-thumbnail","hentry","category-alcaldias","tag-alcaldia-coyoacan","tag-amlo","tag-cdmx","tag-ciudad-de-mexico","tag-claudia-sheinbaum","tag-el-capitalino-vip","tag-enterate","tag-giovani-gutierrez","tag-gobierno-de-la-ciudad-de-mexico","tag-redes-sociales","tag-secretaria-de-cultura","tag-secretaria-de-desarrollo-economico","tag-secretaria-de-economia","tag-secretaria-de-educacion-publica","tag-secretaria-de-seguridad-y-proteccion-ciudadana","tag-secretaria-del-medio-ambiente","tag-secretaria-del-trabajo-y-prevision-social","tag-ultima-hora","tag-ultimas-noticias"],"_links":{"self":[{"href":"https:\/\/elcapitalino.vip\/index.php?rest_route=\/wp\/v2\/posts\/3887","targetHints":{"allow":["GET"]}}],"collection":[{"href":"https:\/\/elcapitalino.vip\/index.php?rest_route=\/wp\/v2\/posts"}],"about":[{"href":"https:\/\/elcapitalino.vip\/index.php?rest_route=\/wp\/v2\/types\/post"}],"author":[{"embeddable":true,"href":"https:\/\/elcapitalino.vip\/index.php?rest_route=\/wp\/v2\/users\/4"}],"replies":[{"embeddable":true,"href":"https:\/\/elcapitalino.vip\/index.php?rest_route=%2Fwp%2Fv2%2Fcomments&post=3887"}],"version-history":[{"count":1,"href":"https:\/\/elcapitalino.vip\/index.php?rest_route=\/wp\/v2\/posts\/3887\/revisions"}],"predecessor-version":[{"id":3890,"href":"https:\/\/elcapitalino.vip\/index.php?rest_route=\/wp\/v2\/posts\/3887\/revisions\/3890"}],"wp:featuredmedia":[{"embeddable":true,"href":"https:\/\/elcapitalino.vip\/index.php?rest_route=\/wp\/v2\/media\/3889"}],"wp:attachment":[{"href":"https:\/\/elcapitalino.vip\/index.php?rest_route=%2Fwp%2Fv2%2Fmedia&parent=3887"}],"wp:term":[{"taxonomy":"category","embeddable":true,"href":"https:\/\/elcapitalino.vip\/index.php?rest_route=%2Fwp%2Fv2%2Fcategories&post=3887"},{"taxonomy":"post_tag","embeddable":true,"href":"https:\/\/elcapitalino.vip\/index.php?rest_route=%2Fwp%2Fv2%2Ftags&post=3887"}],"curies":[{"name":"wp","href":"https:\/\/api.w.org\/{rel}","templated":true}]}}